{"id":3266,"date":"2026-03-18T13:54:04","date_gmt":"2026-03-18T16:54:04","guid":{"rendered":"https:\/\/sofienviaje.com\/?p=3266"},"modified":"2026-03-18T13:54:05","modified_gmt":"2026-03-18T16:54:05","slug":"cuando-viajar-a-la-costa-amalfitana-mejor-epoca-del-ano","status":"publish","type":"post","link":"https:\/\/sofienviaje.com\/en\/cuando-viajar-a-la-costa-amalfitana-mejor-epoca-del-ano\/","title":{"rendered":"Cuando viajar a la Costa Amalfitana: mejor \u00e9poca del a\u00f1o"},"content":{"rendered":"<p>La\u00a0<strong>Costa Amalfitana<\/strong>\u00a0es uno de los destinos m\u00e1s so\u00f1ados de toda <strong>Italy<\/strong> y me atrevo a decir que tambi\u00e9n de <strong>Europa<\/strong>. Sus pueblos colgados sobre el mar, el agua turquesa y paisajes que parecen irreales hacen que cada vez mas viajeros consideren venir. Sin embargo, hay algo clave que puede cambiar completamente tu experiencia:\u00a0<strong>la elecci\u00f3n de la \u00e9poca del a\u00f1o en la que viaj\u00e1s<\/strong>.<\/p>\n\n\n\n<p>Para que puedas tomar la decisi\u00f3n correcta, en este art\u00edculo te cuento\u00a0<strong>cu\u00e1ndo viajar a la <a href=\"https:\/\/sofienviaje.com\/en\/errores-viaje-a-la-costa-amalfitana\/\" target=\"_blank\" rel=\"noreferrer noopener\">Costa Amalfitana<\/a> <\/strong>seg\u00fan el clima, los precios, la cantidad de gente y el tipo de viaje que busc\u00e1s.<\/p>\n\n\n\n<p><\/p>\n\n\n\n<h2 class=\"wp-block-heading\">Viajar a la Costa Amalfitana en verano<\/h2>\n\n\n\n<p>El verano, durante los meses de junio, julio y agosto es cuando la\u00a0<strong>temporada alta<\/strong>\u00a0en la Costa Amalfitana llega a su pico m\u00e1ximo. <\/p>\n\n\n\n<p>Las ventajas de viajar en ese periodo son:<\/p>\n\n\n\n<ul class=\"wp-block-list\">\n<li>Clima ideal: calor, sol y casi nada de lluvia<\/li>\n\n\n\n<li>Epoca genial para hacer playa, el mar est\u00e1 perfecto para nadar<\/li>\n\n\n\n<li>Ambiente vibrante, beach clubs y, mucha gente y vida nocturna<\/li>\n\n\n\n<li>Negocios, servicios y actividades abiertas y disponibles casi todo el d\u00eda <\/li>\n<\/ul>\n\n\n\n<p>Por otro lado, las desventajas de viajar durante el verano son:<\/p>\n\n\n\n<ul class=\"wp-block-list\">\n<li>Hay much\u00edsima gente especialmente en\u00a0Positano,\u00a0Amalfi y Capri porque son zonas chiquitas<\/li>\n\n\n\n<li>Los precios son m\u00e1s altos en hoteles y actividades<\/li>\n\n\n\n<li>Hay tr\u00e1fico intenso y el <a href=\"https:\/\/sofienviaje.com\/en\/transporte-en-la-costa-amalfitana-y-sorrento\/\" target=\"_blank\" rel=\"noreferrer noopener\">transporte<\/a> est\u00e1 saturado<\/li>\n<\/ul>\n\n\n\n<p>El verano en la Costa Amalfitana es la mejor \u00e9poca del a\u00f1o si busc\u00e1s clima perfecto y energ\u00eda, pero no si quer\u00e9s tranquilidad y buenos precios.<\/p>\n\n\n\n<p><\/p>\n\n\n\n<h2 class=\"wp-block-heading\">La primavera en la Costa Amalfitana<\/h2>\n\n\n\n<p>La primavera (los meses de abril, mayo y principios de junio) es, para muchos viajeros,\u00a0<strong>la mejor \u00e9poca para venir a la Costa Amalfitana<\/strong>.<\/p>\n\n\n\n<p>Esto se debe a que hay bastante ventajas, como:<\/p>\n\n\n\n<ul class=\"wp-block-list\">\n<li>Las temperaturas son agradables ya que no hace ni calor extremo ni fr\u00edo<\/li>\n\n\n\n<li>Hay un poquito menos de turistas que en verano<\/li>\n\n\n\n<li>Los paisajes son hermosos, verdes y llenos de flores<\/li>\n\n\n\n<li>Podr\u00edas llegar a encontrar mejores precios en alojamiento<\/li>\n\n\n\n<li>Ya arrancan los d\u00edas lindos para disfrutar de las playas y tours al aire libre<\/li>\n<\/ul>\n\n\n\n<p>Sin embargo, tambien podr\u00edas encontrarte con algunos problemas como que no todos los dias el clima acompa\u00f1e cio el mar este lindo para nadar. No todas las empresas de ferry ya realizan recorridos diarios e, incluso, algunos balnearios privados y excursiones reci\u00e9n abren en mayo.<\/p>\n\n\n\n<p>La primavera es ideal si quer\u00e9s disfrutar la Costa Amalfitana con calma y buen clima.<\/p>\n\n\n\n<p><\/p>\n\n\n\n<h2 class=\"wp-block-heading\">El oto\u00f1o en la Costa Amalfitana<\/h2>\n\n\n\n<p>El oto\u00f1o, durante los meses de septiembre y octubre, hay una vibra muy especial en la zona. Venir en esos meses es un secreto que pocos conocen.<\/p>\n\n\n\n<p>El motivo es que hay varias ventajas como por ejemplo:<\/p>\n\n\n\n<ul class=\"wp-block-list\">\n<li>Encontrar\u00e1s menos gente que durante el verano<\/li>\n\n\n\n<li>El mar y el clima siguen c\u00e1lidos y se pueden disfrutar de hermosos d\u00edas de playa<\/li>\n\n\n\n<li>Hay ciertos precios m\u00e1s bajos que en temporada alta<\/li>\n\n\n\n<li>Los atardeceres son incre\u00edbles<\/li>\n\n\n\n<li>Festejar Halloween en esta zona es muy divertido tanto por la tradici\u00f3n del festejo como por la variedad gastron\u00f3mica<\/li>\n<\/ul>\n\n\n\n<p>Las desventajas tambi\u00e9n existen y una de ellas es que ya varios lugares y excursiones empiezan a cerrar en octubre. Ademas, los transportes tambi\u00e9n se reducen de a poco y el clima es m\u00e1s variable hacia finales de temporada.<\/p>\n\n\n\n<p>El oto\u00f1o es, sin dudas, una de las mejores opciones si busc\u00e1s equilibrio entre clima y tranquilidad para recorrer la Costa Amalfitana<\/p>\n\n\n\n<p><\/p>\n\n\n\n<h2 class=\"wp-block-heading\">Viajar a la Costa Amalfitana en invierno<\/h2>\n\n\n\n<p>El invierno va de noviembre a marzo y es lo que se considera la temporada baja. Hay cosas muy positivas de viajar durante ese periodo pero tambi\u00e9n hay otras que juegan en contra.<\/p>\n\n\n\n<p>Es un periodo casi sin turtistas, llenos de gente del lugar. Los precios son muchos m\u00e1s bajos y se puede vivir una experiencia m\u00e1s local y aut\u00e9ntica.<\/p>\n\n\n\n<p>Sin embargo, como parte negativa, muchos hoteles, restaurantes y los balnearios privados est\u00e1n cerrados. El clima es frio y hay grandes posibilidades de lluvia. Oscurece temprano, tipo a las 16:30 y obviamente, ir al mar no es una opci\u00f3n.<\/p>\n\n\n\n<p>Es recomendable para el viajero que quiera desconectar y ver el lado m\u00e1s real del destino. Ideal para ver lugares hermosos sin gente.<\/p>\n\n\n\n<p><\/p>\n\n\n\n<h2 class=\"wp-block-heading\">En resumen: \u00bfcu\u00e1l es la mejor \u00e9poca para viajar a la Costa Amalfitana?<\/h2>\n\n\n\n<p>Depende del tipo de viaje que est\u00e9s buscando. Si quer\u00e9s: <\/p>\n\n\n\n<ul class=\"wp-block-list\">\n<li><strong>Mejor clima y playa:<\/strong>\u00a0junio y septiembre<\/li>\n\n\n\n<li><strong>Menos gente y buena experiencia:<\/strong>\u00a0mayo y octubre<\/li>\n\n\n\n<li><strong>Viaje econ\u00f3mico:<\/strong>\u00a0marzo o noviembre<\/li>\n\n\n\n<li><strong>Ambiente exclusivo y tranquilo:<\/strong>\u00a0evitar julio y agosto<\/li>\n\n\n\n<li><strong>Vida local, tranquila y cultura gastronomica: <\/strong>diciembre <\/li>\n<\/ul>\n\n\n\n<h2 class=\"wp-block-heading\">Tips para organizar tu viaje a la Costa Amalfitana<\/h2>\n\n\n\n<p>No importa cual sea el mes que elijas para viajar, estos consejos te van a servir para poder disfrutar mejor de tu viaje y tener una experiencia 10 puntos:<\/p>\n\n\n\n<ul class=\"wp-block-list\">\n<li>Reserv\u00e1 alojamiento con anticipaci\u00f3n, incluso fuera de la temporada alta<\/li>\n\n\n\n<li>Evit\u00e1 moverte en auto en verano en lo posible<\/li>\n\n\n\n<li>Us\u00e1 ferry para moverte entre pueblos. Aunque cueste mas, es mas relajado y lindo<\/li>\n\n\n\n<li>Consider\u00e1 alojarte en Sorrento para ahorrar dinero y moverte mejor<\/li>\n<\/ul>","protected":false},"excerpt":{"rendered":"<p>La\u00a0Costa Amalfitana\u00a0es uno de los destinos m\u00e1s so\u00f1ados de toda Italia y me atrevo a decir que tambi\u00e9n de Europa. Sus pueblos colgados sobre el mar, el agua turquesa y paisajes que parecen irreales hacen que cada vez mas viajeros consideren venir. Sin embargo, hay algo clave que puede cambiar completamente tu experiencia:\u00a0la elecci\u00f3n de la \u00e9poca del a\u00f1o en la que viaj\u00e1s. Para que puedas tomar la decisi\u00f3n correcta, en este art\u00edculo te cuento\u00a0cu\u00e1ndo viajar a la Costa Amalfitana seg\u00fan el clima, los precios, la cantidad de gente y el tipo de viaje que busc\u00e1s. Viajar a la Costa Amalfitana en verano El verano, durante los meses de junio, julio y agosto es cuando la\u00a0temporada alta\u00a0en la Costa Amalfitana llega a su pico m\u00e1ximo. Las ventajas de viajar en ese periodo son: Por otro lado, las desventajas de viajar durante el verano son: El verano en la Costa Amalfitana es la mejor \u00e9poca del a\u00f1o si busc\u00e1s clima perfecto y energ\u00eda, pero no si quer\u00e9s tranquilidad y buenos precios. La primavera en la Costa Amalfitana La primavera (los meses de abril, mayo y principios de junio) es, para muchos viajeros,\u00a0la mejor \u00e9poca para venir a la Costa Amalfitana. Esto se debe a que hay bastante ventajas, como: Sin embargo, tambien podr\u00edas encontrarte con algunos problemas como que no todos los dias el clima acompa\u00f1e cio el mar este lindo para nadar. No todas las empresas de ferry ya realizan recorridos diarios e, incluso, algunos balnearios privados y excursiones reci\u00e9n abren en mayo. La primavera es ideal si quer\u00e9s disfrutar la Costa Amalfitana con calma y buen clima. El oto\u00f1o en la Costa Amalfitana El oto\u00f1o, durante los meses de septiembre y octubre, hay una vibra muy especial en la zona. Venir en esos meses es un secreto que pocos conocen. El motivo es que hay varias ventajas como por ejemplo: Las desventajas tambi\u00e9n existen y una de ellas es que ya varios lugares y excursiones empiezan a cerrar en octubre. Ademas, los transportes tambi\u00e9n se reducen de a poco y el clima es m\u00e1s variable hacia finales de temporada. El oto\u00f1o es, sin dudas, una de las mejores opciones si busc\u00e1s equilibrio entre clima y tranquilidad para recorrer la Costa Amalfitana Viajar a la Costa Amalfitana en invierno El invierno va de noviembre a marzo y es lo que se considera la temporada baja. Hay cosas muy positivas de viajar durante ese periodo pero tambi\u00e9n hay otras que juegan en contra. Es un periodo casi sin turtistas, llenos de gente del lugar. Los precios son muchos m\u00e1s bajos y se puede vivir una experiencia m\u00e1s local y aut\u00e9ntica. Sin embargo, como parte negativa, muchos hoteles, restaurantes y los balnearios privados est\u00e1n cerrados. El clima es frio y hay grandes posibilidades de lluvia. Oscurece temprano, tipo a las 16:30 y obviamente, ir al mar no es una opci\u00f3n. Es recomendable para el viajero que quiera desconectar y ver el lado m\u00e1s real del destino. Ideal para ver lugares hermosos sin gente. En resumen: \u00bfcu\u00e1l es la mejor \u00e9poca para viajar a la Costa Amalfitana? Depende del tipo de viaje que est\u00e9s buscando. Si quer\u00e9s: Tips para organizar tu viaje a la Costa Amalfitana No importa cual sea el mes que elijas para viajar, estos consejos te van a servir para poder disfrutar mejor de tu viaje y tener una experiencia 10 puntos:<\/p>","protected":false},"author":1,"featured_media":3295,"comment_status":"open","ping_status":"closed","sticky":false,"template":"","format":"standard","meta":{"_uf_show_specific_survey":0,"_uf_disable_surveys":false,"footnotes":""},"categories":[7],"tags":[],"class_list":["post-3266","post","type-post","status-publish","format-standard","has-post-thumbnail","hentry","category-tips-viajeros"],"yoast_head":"<!-- This site is optimized with the Yoast SEO plugin v27.5 - https:\/\/yoast.com\/product\/yoast-seo-wordpress\/ -->\n<title>Cuando viajar a la Costa Amalfitana: mejor \u00e9poca del a\u00f1o &#8212; Sofi En Viaje<\/title>\n<meta name=\"description\" content=\"Descubr\u00ed cu\u00e1ndo viajar a la Costa Amalfitana seg\u00fan el clima y precios. Gu\u00eda completa para elegir la mejor \u00e9poca del a\u00f1o.\" \/>\n<meta name=\"robots\" content=\"index, follow, max-snippet:-1, max-image-preview:large, max-video-preview:-1\" \/>\n<link rel=\"canonical\" href=\"https:\/\/sofienviaje.com\/en\/cuando-viajar-a-la-costa-amalfitana-mejor-epoca-del-ano\/\" \/>\n<meta property=\"og:locale\" content=\"en_US\" \/>\n<meta property=\"og:type\" content=\"article\" \/>\n<meta property=\"og:title\" content=\"Cuando viajar a la Costa Amalfitana: mejor \u00e9poca del a\u00f1o &#8212; Sofi En Viaje\" \/>\n<meta property=\"og:description\" content=\"Descubr\u00ed cu\u00e1ndo viajar a la Costa Amalfitana seg\u00fan el clima y precios. Gu\u00eda completa para elegir la mejor \u00e9poca del a\u00f1o.\" \/>\n<meta property=\"og:url\" content=\"https:\/\/sofienviaje.com\/en\/cuando-viajar-a-la-costa-amalfitana-mejor-epoca-del-ano\/\" \/>\n<meta property=\"og:site_name\" content=\"Sofi En Viaje\" \/>\n<meta property=\"article:published_time\" content=\"2026-03-18T16:54:04+00:00\" \/>\n<meta property=\"article:modified_time\" content=\"2026-03-18T16:54:05+00:00\" \/>\n<meta property=\"og:image\" content=\"https:\/\/sofienviaje.com\/wp-content\/uploads\/2026\/03\/portada-epoca-viajar-Costa-Amalfitana.jpg\" \/>\n\t<meta property=\"og:image:width\" content=\"1200\" \/>\n\t<meta property=\"og:image:height\" content=\"400\" \/>\n\t<meta property=\"og:image:type\" content=\"image\/jpeg\" \/>\n<meta name=\"author\" content=\"ssofid\" \/>\n<meta name=\"twitter:card\" content=\"summary_large_image\" \/>\n<meta name=\"twitter:label1\" content=\"Written by\" \/>\n\t<meta name=\"twitter:data1\" content=\"ssofid\" \/>\n\t<meta name=\"twitter:label2\" content=\"Est. reading time\" \/>\n\t<meta name=\"twitter:data2\" content=\"4 minutes\" \/>\n<script type=\"application\/ld+json\" class=\"yoast-schema-graph\">{\"@context\":\"https:\\\/\\\/schema.org\",\"@graph\":[{\"@type\":\"Article\",\"@id\":\"https:\\\/\\\/sofienviaje.com\\\/cuando-viajar-a-la-costa-amalfitana-mejor-epoca-del-ano\\\/#article\",\"isPartOf\":{\"@id\":\"https:\\\/\\\/sofienviaje.com\\\/cuando-viajar-a-la-costa-amalfitana-mejor-epoca-del-ano\\\/\"},\"author\":{\"name\":\"ssofid\",\"@id\":\"https:\\\/\\\/sofienviaje.com\\\/#\\\/schema\\\/person\\\/43176710fe4cd0553d0fa37bfc55de44\"},\"headline\":\"Cuando viajar a la Costa Amalfitana: mejor \u00e9poca del a\u00f1o\",\"datePublished\":\"2026-03-18T16:54:04+00:00\",\"dateModified\":\"2026-03-18T16:54:05+00:00\",\"mainEntityOfPage\":{\"@id\":\"https:\\\/\\\/sofienviaje.com\\\/cuando-viajar-a-la-costa-amalfitana-mejor-epoca-del-ano\\\/\"},\"wordCount\":889,\"commentCount\":0,\"publisher\":{\"@id\":\"https:\\\/\\\/sofienviaje.com\\\/#organization\"},\"image\":{\"@id\":\"https:\\\/\\\/sofienviaje.com\\\/cuando-viajar-a-la-costa-amalfitana-mejor-epoca-del-ano\\\/#primaryimage\"},\"thumbnailUrl\":\"https:\\\/\\\/sofienviaje.com\\\/wp-content\\\/uploads\\\/2026\\\/03\\\/portada-epoca-viajar-Costa-Amalfitana.jpg\",\"articleSection\":[\"Tips viajeros\"],\"inLanguage\":\"en-US\",\"potentialAction\":[{\"@type\":\"CommentAction\",\"name\":\"Comment\",\"target\":[\"https:\\\/\\\/sofienviaje.com\\\/cuando-viajar-a-la-costa-amalfitana-mejor-epoca-del-ano\\\/#respond\"]}]},{\"@type\":\"WebPage\",\"@id\":\"https:\\\/\\\/sofienviaje.com\\\/cuando-viajar-a-la-costa-amalfitana-mejor-epoca-del-ano\\\/\",\"url\":\"https:\\\/\\\/sofienviaje.com\\\/cuando-viajar-a-la-costa-amalfitana-mejor-epoca-del-ano\\\/\",\"name\":\"Cuando viajar a la Costa Amalfitana: mejor \u00e9poca del a\u00f1o &#8212; Sofi En Viaje\",\"isPartOf\":{\"@id\":\"https:\\\/\\\/sofienviaje.com\\\/#website\"},\"primaryImageOfPage\":{\"@id\":\"https:\\\/\\\/sofienviaje.com\\\/cuando-viajar-a-la-costa-amalfitana-mejor-epoca-del-ano\\\/#primaryimage\"},\"image\":{\"@id\":\"https:\\\/\\\/sofienviaje.com\\\/cuando-viajar-a-la-costa-amalfitana-mejor-epoca-del-ano\\\/#primaryimage\"},\"thumbnailUrl\":\"https:\\\/\\\/sofienviaje.com\\\/wp-content\\\/uploads\\\/2026\\\/03\\\/portada-epoca-viajar-Costa-Amalfitana.jpg\",\"datePublished\":\"2026-03-18T16:54:04+00:00\",\"dateModified\":\"2026-03-18T16:54:05+00:00\",\"description\":\"Descubr\u00ed cu\u00e1ndo viajar a la Costa Amalfitana seg\u00fan el clima y precios. Gu\u00eda completa para elegir la mejor \u00e9poca del a\u00f1o.\",\"breadcrumb\":{\"@id\":\"https:\\\/\\\/sofienviaje.com\\\/cuando-viajar-a-la-costa-amalfitana-mejor-epoca-del-ano\\\/#breadcrumb\"},\"inLanguage\":\"en-US\",\"potentialAction\":[{\"@type\":\"ReadAction\",\"target\":[\"https:\\\/\\\/sofienviaje.com\\\/cuando-viajar-a-la-costa-amalfitana-mejor-epoca-del-ano\\\/\"]}]},{\"@type\":\"ImageObject\",\"inLanguage\":\"en-US\",\"@id\":\"https:\\\/\\\/sofienviaje.com\\\/cuando-viajar-a-la-costa-amalfitana-mejor-epoca-del-ano\\\/#primaryimage\",\"url\":\"https:\\\/\\\/sofienviaje.com\\\/wp-content\\\/uploads\\\/2026\\\/03\\\/portada-epoca-viajar-Costa-Amalfitana.jpg\",\"contentUrl\":\"https:\\\/\\\/sofienviaje.com\\\/wp-content\\\/uploads\\\/2026\\\/03\\\/portada-epoca-viajar-Costa-Amalfitana.jpg\",\"width\":1200,\"height\":400,\"caption\":\"cuando viajar a la Costa Amalfitana\"},{\"@type\":\"BreadcrumbList\",\"@id\":\"https:\\\/\\\/sofienviaje.com\\\/cuando-viajar-a-la-costa-amalfitana-mejor-epoca-del-ano\\\/#breadcrumb\",\"itemListElement\":[{\"@type\":\"ListItem\",\"position\":1,\"name\":\"Inicio\",\"item\":\"https:\\\/\\\/sofienviaje.com\\\/\"},{\"@type\":\"ListItem\",\"position\":2,\"name\":\"Cuando viajar a la Costa Amalfitana: mejor \u00e9poca del a\u00f1o\"}]},{\"@type\":\"WebSite\",\"@id\":\"https:\\\/\\\/sofienviaje.com\\\/#website\",\"url\":\"https:\\\/\\\/sofienviaje.com\\\/\",\"name\":\"En Viaje\",\"description\":\"Consejos viajeros y la vida en Italia\",\"publisher\":{\"@id\":\"https:\\\/\\\/sofienviaje.com\\\/#organization\"},\"potentialAction\":[{\"@type\":\"SearchAction\",\"target\":{\"@type\":\"EntryPoint\",\"urlTemplate\":\"https:\\\/\\\/sofienviaje.com\\\/?s={search_term_string}\"},\"query-input\":{\"@type\":\"PropertyValueSpecification\",\"valueRequired\":true,\"valueName\":\"search_term_string\"}}],\"inLanguage\":\"en-US\"},{\"@type\":\"Organization\",\"@id\":\"https:\\\/\\\/sofienviaje.com\\\/#organization\",\"name\":\"Sofi En Viaje\",\"url\":\"https:\\\/\\\/sofienviaje.com\\\/\",\"logo\":{\"@type\":\"ImageObject\",\"inLanguage\":\"en-US\",\"@id\":\"https:\\\/\\\/sofienviaje.com\\\/#\\\/schema\\\/logo\\\/image\\\/\",\"url\":\"https:\\\/\\\/sofienviaje.com\\\/wp-content\\\/uploads\\\/2026\\\/02\\\/Pink-Bold-Colorful-Handwritten-Lifestyle-Blogger-Logo-2.png\",\"contentUrl\":\"https:\\\/\\\/sofienviaje.com\\\/wp-content\\\/uploads\\\/2026\\\/02\\\/Pink-Bold-Colorful-Handwritten-Lifestyle-Blogger-Logo-2.png\",\"width\":500,\"height\":500,\"caption\":\"Sofi En Viaje\"},\"image\":{\"@id\":\"https:\\\/\\\/sofienviaje.com\\\/#\\\/schema\\\/logo\\\/image\\\/\"}},{\"@type\":\"Person\",\"@id\":\"https:\\\/\\\/sofienviaje.com\\\/#\\\/schema\\\/person\\\/43176710fe4cd0553d0fa37bfc55de44\",\"name\":\"ssofid\",\"image\":{\"@type\":\"ImageObject\",\"inLanguage\":\"en-US\",\"@id\":\"https:\\\/\\\/secure.gravatar.com\\\/avatar\\\/8bc0264310ca4c39ec74f43f6a4f6d7ba2c343bd4ff1c1724b67503c6183447b?s=96&d=mm&r=g\",\"url\":\"https:\\\/\\\/secure.gravatar.com\\\/avatar\\\/8bc0264310ca4c39ec74f43f6a4f6d7ba2c343bd4ff1c1724b67503c6183447b?s=96&d=mm&r=g\",\"contentUrl\":\"https:\\\/\\\/secure.gravatar.com\\\/avatar\\\/8bc0264310ca4c39ec74f43f6a4f6d7ba2c343bd4ff1c1724b67503c6183447b?s=96&d=mm&r=g\",\"caption\":\"ssofid\"},\"sameAs\":[\"http:\\\/\\\/sofienviaje.com\"],\"url\":\"https:\\\/\\\/sofienviaje.com\\\/en\\\/author\\\/sofienviaje-com\\\/\"}]}<\/script>\n<!-- \/ Yoast SEO plugin. -->","yoast_head_json":{"title":"Cuando viajar a la Costa Amalfitana: mejor \u00e9poca del a\u00f1o &#8212; Sofi En Viaje","description":"Descubr\u00ed cu\u00e1ndo viajar a la Costa Amalfitana seg\u00fan el clima y precios. Gu\u00eda completa para elegir la mejor \u00e9poca del a\u00f1o.","robots":{"index":"index","follow":"follow","max-snippet":"max-snippet:-1","max-image-preview":"max-image-preview:large","max-video-preview":"max-video-preview:-1"},"canonical":"https:\/\/sofienviaje.com\/en\/cuando-viajar-a-la-costa-amalfitana-mejor-epoca-del-ano\/","og_locale":"en_US","og_type":"article","og_title":"Cuando viajar a la Costa Amalfitana: mejor \u00e9poca del a\u00f1o &#8212; Sofi En Viaje","og_description":"Descubr\u00ed cu\u00e1ndo viajar a la Costa Amalfitana seg\u00fan el clima y precios. Gu\u00eda completa para elegir la mejor \u00e9poca del a\u00f1o.","og_url":"https:\/\/sofienviaje.com\/en\/cuando-viajar-a-la-costa-amalfitana-mejor-epoca-del-ano\/","og_site_name":"Sofi En Viaje","article_published_time":"2026-03-18T16:54:04+00:00","article_modified_time":"2026-03-18T16:54:05+00:00","og_image":[{"width":1200,"height":400,"url":"https:\/\/sofienviaje.com\/wp-content\/uploads\/2026\/03\/portada-epoca-viajar-Costa-Amalfitana.jpg","type":"image\/jpeg"}],"author":"ssofid","twitter_card":"summary_large_image","twitter_misc":{"Written by":"ssofid","Est. reading time":"4 minutes"},"schema":{"@context":"https:\/\/schema.org","@graph":[{"@type":"Article","@id":"https:\/\/sofienviaje.com\/cuando-viajar-a-la-costa-amalfitana-mejor-epoca-del-ano\/#article","isPartOf":{"@id":"https:\/\/sofienviaje.com\/cuando-viajar-a-la-costa-amalfitana-mejor-epoca-del-ano\/"},"author":{"name":"ssofid","@id":"https:\/\/sofienviaje.com\/#\/schema\/person\/43176710fe4cd0553d0fa37bfc55de44"},"headline":"Cuando viajar a la Costa Amalfitana: mejor \u00e9poca del a\u00f1o","datePublished":"2026-03-18T16:54:04+00:00","dateModified":"2026-03-18T16:54:05+00:00","mainEntityOfPage":{"@id":"https:\/\/sofienviaje.com\/cuando-viajar-a-la-costa-amalfitana-mejor-epoca-del-ano\/"},"wordCount":889,"commentCount":0,"publisher":{"@id":"https:\/\/sofienviaje.com\/#organization"},"image":{"@id":"https:\/\/sofienviaje.com\/cuando-viajar-a-la-costa-amalfitana-mejor-epoca-del-ano\/#primaryimage"},"thumbnailUrl":"https:\/\/sofienviaje.com\/wp-content\/uploads\/2026\/03\/portada-epoca-viajar-Costa-Amalfitana.jpg","articleSection":["Tips viajeros"],"inLanguage":"en-US","potentialAction":[{"@type":"CommentAction","name":"Comment","target":["https:\/\/sofienviaje.com\/cuando-viajar-a-la-costa-amalfitana-mejor-epoca-del-ano\/#respond"]}]},{"@type":"WebPage","@id":"https:\/\/sofienviaje.com\/cuando-viajar-a-la-costa-amalfitana-mejor-epoca-del-ano\/","url":"https:\/\/sofienviaje.com\/cuando-viajar-a-la-costa-amalfitana-mejor-epoca-del-ano\/","name":"Cuando viajar a la Costa Amalfitana: mejor \u00e9poca del a\u00f1o &#8212; Sofi En Viaje","isPartOf":{"@id":"https:\/\/sofienviaje.com\/#website"},"primaryImageOfPage":{"@id":"https:\/\/sofienviaje.com\/cuando-viajar-a-la-costa-amalfitana-mejor-epoca-del-ano\/#primaryimage"},"image":{"@id":"https:\/\/sofienviaje.com\/cuando-viajar-a-la-costa-amalfitana-mejor-epoca-del-ano\/#primaryimage"},"thumbnailUrl":"https:\/\/sofienviaje.com\/wp-content\/uploads\/2026\/03\/portada-epoca-viajar-Costa-Amalfitana.jpg","datePublished":"2026-03-18T16:54:04+00:00","dateModified":"2026-03-18T16:54:05+00:00","description":"Descubr\u00ed cu\u00e1ndo viajar a la Costa Amalfitana seg\u00fan el clima y precios. Gu\u00eda completa para elegir la mejor \u00e9poca del a\u00f1o.","breadcrumb":{"@id":"https:\/\/sofienviaje.com\/cuando-viajar-a-la-costa-amalfitana-mejor-epoca-del-ano\/#breadcrumb"},"inLanguage":"en-US","potentialAction":[{"@type":"ReadAction","target":["https:\/\/sofienviaje.com\/cuando-viajar-a-la-costa-amalfitana-mejor-epoca-del-ano\/"]}]},{"@type":"ImageObject","inLanguage":"en-US","@id":"https:\/\/sofienviaje.com\/cuando-viajar-a-la-costa-amalfitana-mejor-epoca-del-ano\/#primaryimage","url":"https:\/\/sofienviaje.com\/wp-content\/uploads\/2026\/03\/portada-epoca-viajar-Costa-Amalfitana.jpg","contentUrl":"https:\/\/sofienviaje.com\/wp-content\/uploads\/2026\/03\/portada-epoca-viajar-Costa-Amalfitana.jpg","width":1200,"height":400,"caption":"cuando viajar a la Costa Amalfitana"},{"@type":"BreadcrumbList","@id":"https:\/\/sofienviaje.com\/cuando-viajar-a-la-costa-amalfitana-mejor-epoca-del-ano\/#breadcrumb","itemListElement":[{"@type":"ListItem","position":1,"name":"Inicio","item":"https:\/\/sofienviaje.com\/"},{"@type":"ListItem","position":2,"name":"Cuando viajar a la Costa Amalfitana: mejor \u00e9poca del a\u00f1o"}]},{"@type":"WebSite","@id":"https:\/\/sofienviaje.com\/#website","url":"https:\/\/sofienviaje.com\/","name":"En Viaje","description":"Travel tips and life in Italy","publisher":{"@id":"https:\/\/sofienviaje.com\/#organization"},"potentialAction":[{"@type":"SearchAction","target":{"@type":"EntryPoint","urlTemplate":"https:\/\/sofienviaje.com\/?s={search_term_string}"},"query-input":{"@type":"PropertyValueSpecification","valueRequired":true,"valueName":"search_term_string"}}],"inLanguage":"en-US"},{"@type":"Organization","@id":"https:\/\/sofienviaje.com\/#organization","name":"Sofi Traveling","url":"https:\/\/sofienviaje.com\/","logo":{"@type":"ImageObject","inLanguage":"en-US","@id":"https:\/\/sofienviaje.com\/#\/schema\/logo\/image\/","url":"https:\/\/sofienviaje.com\/wp-content\/uploads\/2026\/02\/Pink-Bold-Colorful-Handwritten-Lifestyle-Blogger-Logo-2.png","contentUrl":"https:\/\/sofienviaje.com\/wp-content\/uploads\/2026\/02\/Pink-Bold-Colorful-Handwritten-Lifestyle-Blogger-Logo-2.png","width":500,"height":500,"caption":"Sofi En Viaje"},"image":{"@id":"https:\/\/sofienviaje.com\/#\/schema\/logo\/image\/"}},{"@type":"Person","@id":"https:\/\/sofienviaje.com\/#\/schema\/person\/43176710fe4cd0553d0fa37bfc55de44","name":"ssofid","image":{"@type":"ImageObject","inLanguage":"en-US","@id":"https:\/\/secure.gravatar.com\/avatar\/8bc0264310ca4c39ec74f43f6a4f6d7ba2c343bd4ff1c1724b67503c6183447b?s=96&d=mm&r=g","url":"https:\/\/secure.gravatar.com\/avatar\/8bc0264310ca4c39ec74f43f6a4f6d7ba2c343bd4ff1c1724b67503c6183447b?s=96&d=mm&r=g","contentUrl":"https:\/\/secure.gravatar.com\/avatar\/8bc0264310ca4c39ec74f43f6a4f6d7ba2c343bd4ff1c1724b67503c6183447b?s=96&d=mm&r=g","caption":"ssofid"},"sameAs":["http:\/\/sofienviaje.com"],"url":"https:\/\/sofienviaje.com\/en\/author\/sofienviaje-com\/"}]}},"_links":{"self":[{"href":"https:\/\/sofienviaje.com\/en\/wp-json\/wp\/v2\/posts\/3266","targetHints":{"allow":["GET"]}}],"collection":[{"href":"https:\/\/sofienviaje.com\/en\/wp-json\/wp\/v2\/posts"}],"about":[{"href":"https:\/\/sofienviaje.com\/en\/wp-json\/wp\/v2\/types\/post"}],"author":[{"embeddable":true,"href":"https:\/\/sofienviaje.com\/en\/wp-json\/wp\/v2\/users\/1"}],"replies":[{"embeddable":true,"href":"https:\/\/sofienviaje.com\/en\/wp-json\/wp\/v2\/comments?post=3266"}],"version-history":[{"count":5,"href":"https:\/\/sofienviaje.com\/en\/wp-json\/wp\/v2\/posts\/3266\/revisions"}],"predecessor-version":[{"id":3296,"href":"https:\/\/sofienviaje.com\/en\/wp-json\/wp\/v2\/posts\/3266\/revisions\/3296"}],"wp:featuredmedia":[{"embeddable":true,"href":"https:\/\/sofienviaje.com\/en\/wp-json\/wp\/v2\/media\/3295"}],"wp:attachment":[{"href":"https:\/\/sofienviaje.com\/en\/wp-json\/wp\/v2\/media?parent=3266"}],"wp:term":[{"taxonomy":"category","embeddable":true,"href":"https:\/\/sofienviaje.com\/en\/wp-json\/wp\/v2\/categories?post=3266"},{"taxonomy":"post_tag","embeddable":true,"href":"https:\/\/sofienviaje.com\/en\/wp-json\/wp\/v2\/tags?post=3266"}],"curies":[{"name":"wp","href":"https:\/\/api.w.org\/{rel}","templated":true}]}}